{"id":3662,"date":"2024-12-02T11:03:15","date_gmt":"2024-12-02T09:03:15","guid":{"rendered":"https:\/\/simulacionempresa.inform.es\/?p=3662"},"modified":"2024-12-02T11:03:15","modified_gmt":"2024-12-02T09:03:15","slug":"exit-rotund-en-la-xiii-fira-dempreses-simulades-de-navarra","status":"publish","type":"post","link":"https:\/\/simulacionempresa.inform.es\/ca\/exit-rotund-en-la-xiii-fira-dempreses-simulades-de-navarra\/","title":{"rendered":"\u00c8xit rotund en la XIII Fira d\u2019Empreses Simulades de Navarra"},"content":{"rendered":"<p>El passat 8 de novembre, la Pla\u00e7a de Braus de Pamplona es va omplir d\u2019activitat i entusiasme amb la celebraci\u00f3 de la <strong>XIII Fira d\u2019Empreses Simulades de Navarra<\/strong>, un esdeveniment liderat pel <strong><em>Centro Integrado Mar\u00eda Inmaculada<\/em><\/strong> que ha estat valorat com un \u00e8xit rotund pel centre organitzador i les persones participants i assistents. En aquesta edici\u00f3 especial, que va coincidir amb el 50 aniversari del centre, van participar uns 500 estudiants de Formaci\u00f3 Professional de diferents punts de Navarra, que van mostrar les seves habilitats i coneixements en la gesti\u00f3 d\u2019empreses simulades.<\/p>\n<p>La fira va reunir alumnat de Grau B\u00e0sic i Mitj\u00e0 en Gesti\u00f3 Administrativa i Grau Superior en Administraci\u00f3 i Finances de diversos centres educatius, entre ells l\u2019 <strong><em>Asociaci\u00f3n S\u00edndrome de Down Navarra, IES Ega, CI Carlos III, CIP Tafalla, CIP ETI Tudela, CIP Estella, CIP Elizondo Lanbide Eskola IIP, IES Mendillorri BHI, CIP Donapea IIP, CI Mar\u00eda Ana Sanz, CI Cuatrovientos i el CI Mar\u00eda Inmaculada<\/em><\/strong>. En total, els i les alumnes van presentar 94 empreses simulades, interactuant i realitzant transaccions comercials simulades en un entorn que emulava la realitat empresarial.<\/p>\n<p>Durant l\u2019esdeveniment, l\u2019alumnat va treballar en el estands que havia dissenyat, on van realitzar comandes i van portar a terme negociacions, simulant din\u00e0miques empresarials reals. La Fira \u00e9s el resultat de la feina que l\u2019alumnat desenvolupa al llarg de l\u2019any en el m\u00f2dul \u201cEmpresa a l\u2019aula\u201d en el qual gestionen empreses simulades i estableixen connexions amb altres centres educatius a nivell nacional.<\/p>\n<p>Inspirada en les festes de <em>San Ferm\u00edn<\/em>, la fira va comptar amb una gran ambientaci\u00f3 festiva i una posada en escena que integrava elements tradicional i culturals de Pamplona, la qual cosa va enriquir encara m\u00e9s l\u2019experi\u00e8ncia per a les persones assistents. En l\u2019obertura i clausura de l\u2019esdeveniment, el <strong>grup de danses<\/strong> <strong>Ortzadar i \u00a0l\u2019Escola de Dansa del Govern de Navarra<\/strong> van realitzar espectacles que van ser molt ben rebuts per totes les persones presents, aportant un toc festiu i cultural a la jornada. <strong>La XIII Fira d\u2019Empreses Simulades<\/strong> ha reafirmat el comprom\u00eds de la Formaci\u00f3 Professional a Navarra amb una educaci\u00f3 pr\u00e0ctica i innovadora, deixant clar que l\u2019aprenentatge a trav\u00e9s de la simulaci\u00f3 \u00e9s una poderosa eina per preparar a l\u2019alumnat pera al m\u00f3n laboral real.<\/p>\n","protected":false},"excerpt":{"rendered":"<p>El passat 8 de novembre, la Pla\u00e7a de Braus de Pamplona es va omplir d\u2019activitat i entusiasme amb la celebraci\u00f3 de la XIII Fira d\u2019Empreses Simulades de Navarra, un esdeveniment liderat pel Centro Integrado Mar\u00eda Inmaculada que ha estat valorat com un \u00e8xit rotund pel centre organitzador i les persones  &#8230;<\/p>\n","protected":false},"author":6,"featured_media":3657,"comment_status":"closed","ping_status":"closed","sticky":false,"template":"","format":"standard","meta":{"footnotes":""},"categories":[24],"tags":[],"class_list":["post-3662","post","type-post","status-publish","format-standard","has-post-thumbnail","hentry","category-sense-categoria"],"yoast_head":"<!-- This site is optimized with the Yoast SEO plugin v27.3 - https:\/\/yoast.com\/product\/yoast-seo-wordpress\/ -->\n<title>\u00c8xit rotund en la XIII Fira d\u2019Empreses Simulades de Navarra - Sefed<\/title>\n<meta name=\"description\" content=\"El passat 8 de novembre, la Pla\u00e7a de Braus de Pamplona es va omplir d\u2019activitat i entusiasme amb la celebraci\u00f3 de la XIII Fira d\u2019Empreses Simulades de Navarra, un esdeveniment liderat pel Centro Integrado Mar\u00eda Inmaculada que ha estat valorat com un \u00e8xit rotund pel centre organitzador i les persones participants i assistents. En aquesta edici\u00f3 especial, que va coincidir amb el 50 aniversari del centre, van participar uns 500 estudiants de Formaci\u00f3 Professional de diferents punts de Navarra, que van mostrar les seves habilitats i coneixements en la gesti\u00f3 d\u2019empreses simulades.La fira va reunir alumnat de Grau B\u00e0sic i Mitj\u00e0 en Gesti\u00f3 Administrativa i Grau Superior en Administraci\u00f3 i Finances de diversos centres educatius, entre ells l\u2019 Asociaci\u00f3n S\u00edndrome de Down Navarra, IES Ega, CI Carlos III, CIP Tafalla, CIP ETI Tudela, CIP Estella, CIP Elizondo Lanbide Eskola IIP, IES Mendillorri BHI, CIP Donapea IIP, CI Mar\u00eda Ana Sanz, CI Cuatrovientos i el CI Mar\u00eda Inmaculada. En total, els i les alumnes van presentar 94 empreses simulades, interactuant i realitzant transaccions comercials simulades en un entorn que emulava la realitat empresarial.Durant l\u2019esdeveniment, l\u2019alumnat va treballar en el estands que havia dissenyat, on van realitzar comandes i van portar a terme negociacions, simulant din\u00e0miques empresarials reals. La Fira \u00e9s el resultat de la feina que l\u2019alumnat desenvolupa al llarg de l\u2019any en el m\u00f2dul \u201cEmpresa a l\u2019aula\u201d en el qual gestionen empreses simulades i estableixen connexions amb altres centres educatius a nivell nacional.Inspirada en les festes de San Ferm\u00edn, la fira va comptar amb una gran ambientaci\u00f3 festiva i una posada en escena que integrava elements tradicional i culturals de Pamplona, la qual cosa va enriquir encara m\u00e9s l\u2019experi\u00e8ncia per a les persones assistents. En l\u2019obertura i clausura de l\u2019esdeveniment, el grup de danses Ortzadar i \u00a0l\u2019Escola de Dansa del Govern de Navarra van realitzar espectacles que van ser molt ben rebuts per totes les persones presents, aportant un toc festiu i cultural a la jornada. La XIII Fira d\u2019Empreses Simulades ha reafirmat el comprom\u00eds de la Formaci\u00f3 Professional a Navarra amb una educaci\u00f3 pr\u00e0ctica i innovadora, deixant clar que l\u2019aprenentatge a trav\u00e9s de la simulaci\u00f3 \u00e9s una poderosa eina per preparar a l\u2019alumnat pera al m\u00f3n laboral real.\" \/>\n<meta name=\"robots\" content=\"index, follow, max-snippet:-1, max-image-preview:large, max-video-preview:-1\" \/>\n<link rel=\"canonical\" href=\"https:\/\/simulacionempresa.inform.es\/ca\/exit-rotund-en-la-xiii-fira-dempreses-simulades-de-navarra\/\" \/>\n<meta property=\"og:locale\" content=\"ca_ES\" \/>\n<meta property=\"og:type\" content=\"article\" \/>\n<meta property=\"og:title\" content=\"\u00c8xit rotund en la XIII Fira d\u2019Empreses Simulades de Navarra - Sefed\" \/>\n<meta property=\"og:description\" content=\"El passat 8 de novembre, la Pla\u00e7a de Braus de Pamplona es va omplir d\u2019activitat i entusiasme amb la celebraci\u00f3 de la XIII Fira d\u2019Empreses Simulades de Navarra, un esdeveniment liderat pel Centro Integrado Mar\u00eda Inmaculada que ha estat valorat com un \u00e8xit rotund pel centre organitzador i les persones participants i assistents. En aquesta edici\u00f3 especial, que va coincidir amb el 50 aniversari del centre, van participar uns 500 estudiants de Formaci\u00f3 Professional de diferents punts de Navarra, que van mostrar les seves habilitats i coneixements en la gesti\u00f3 d\u2019empreses simulades.La fira va reunir alumnat de Grau B\u00e0sic i Mitj\u00e0 en Gesti\u00f3 Administrativa i Grau Superior en Administraci\u00f3 i Finances de diversos centres educatius, entre ells l\u2019 Asociaci\u00f3n S\u00edndrome de Down Navarra, IES Ega, CI Carlos III, CIP Tafalla, CIP ETI Tudela, CIP Estella, CIP Elizondo Lanbide Eskola IIP, IES Mendillorri BHI, CIP Donapea IIP, CI Mar\u00eda Ana Sanz, CI Cuatrovientos i el CI Mar\u00eda Inmaculada. En total, els i les alumnes van presentar 94 empreses simulades, interactuant i realitzant transaccions comercials simulades en un entorn que emulava la realitat empresarial.Durant l\u2019esdeveniment, l\u2019alumnat va treballar en el estands que havia dissenyat, on van realitzar comandes i van portar a terme negociacions, simulant din\u00e0miques empresarials reals. La Fira \u00e9s el resultat de la feina que l\u2019alumnat desenvolupa al llarg de l\u2019any en el m\u00f2dul \u201cEmpresa a l\u2019aula\u201d en el qual gestionen empreses simulades i estableixen connexions amb altres centres educatius a nivell nacional.Inspirada en les festes de San Ferm\u00edn, la fira va comptar amb una gran ambientaci\u00f3 festiva i una posada en escena que integrava elements tradicional i culturals de Pamplona, la qual cosa va enriquir encara m\u00e9s l\u2019experi\u00e8ncia per a les persones assistents. En l\u2019obertura i clausura de l\u2019esdeveniment, el grup de danses Ortzadar i \u00a0l\u2019Escola de Dansa del Govern de Navarra van realitzar espectacles que van ser molt ben rebuts per totes les persones presents, aportant un toc festiu i cultural a la jornada. La XIII Fira d\u2019Empreses Simulades ha reafirmat el comprom\u00eds de la Formaci\u00f3 Professional a Navarra amb una educaci\u00f3 pr\u00e0ctica i innovadora, deixant clar que l\u2019aprenentatge a trav\u00e9s de la simulaci\u00f3 \u00e9s una poderosa eina per preparar a l\u2019alumnat pera al m\u00f3n laboral real.\" \/>\n<meta property=\"og:url\" content=\"https:\/\/simulacionempresa.inform.es\/ca\/exit-rotund-en-la-xiii-fira-dempreses-simulades-de-navarra\/\" \/>\n<meta property=\"og:site_name\" content=\"Sefed\" \/>\n<meta property=\"article:publisher\" content=\"https:\/\/www.facebook.com\/people\/Red-Empresas-Simuladas\/100004345202006\/\" \/>\n<meta property=\"article:published_time\" content=\"2024-12-02T09:03:15+00:00\" \/>\n<meta property=\"og:image\" content=\"http:\/\/simulacionempresa.inform.es\/wp-content\/uploads\/sites\/2\/2024\/12\/unnamed-1.png\" \/>\n\t<meta property=\"og:image:width\" content=\"641\" \/>\n\t<meta property=\"og:image:height\" content=\"349\" \/>\n\t<meta property=\"og:image:type\" content=\"image\/png\" \/>\n<meta name=\"author\" content=\"inform\" \/>\n<meta name=\"twitter:card\" content=\"summary_large_image\" \/>\n<meta name=\"twitter:creator\" content=\"@FundacioInform\" \/>\n<meta name=\"twitter:site\" content=\"@FundacioInform\" \/>\n<meta name=\"twitter:label1\" content=\"Escrit per\" \/>\n\t<meta name=\"twitter:data1\" content=\"inform\" \/>\n\t<meta name=\"twitter:label2\" content=\"Temps estimat de lectura\" \/>\n\t<meta name=\"twitter:data2\" content=\"2 minuts\" \/>\n<script type=\"application\/ld+json\" class=\"yoast-schema-graph\">{\"@context\":\"https:\\\/\\\/schema.org\",\"@graph\":[{\"@type\":\"Article\",\"@id\":\"https:\\\/\\\/simulacionempresa.inform.es\\\/ca\\\/exit-rotund-en-la-xiii-fira-dempreses-simulades-de-navarra\\\/#article\",\"isPartOf\":{\"@id\":\"https:\\\/\\\/simulacionempresa.inform.es\\\/ca\\\/exit-rotund-en-la-xiii-fira-dempreses-simulades-de-navarra\\\/\"},\"author\":{\"name\":\"inform\",\"@id\":\"https:\\\/\\\/simulacionempresa.inform.es\\\/ca\\\/#\\\/schema\\\/person\\\/5549fd17420c99c426a5e97172bb9ba6\"},\"headline\":\"\u00c8xit rotund en la XIII Fira d\u2019Empreses Simulades de Navarra\",\"datePublished\":\"2024-12-02T09:03:15+00:00\",\"mainEntityOfPage\":{\"@id\":\"https:\\\/\\\/simulacionempresa.inform.es\\\/ca\\\/exit-rotund-en-la-xiii-fira-dempreses-simulades-de-navarra\\\/\"},\"wordCount\":410,\"publisher\":{\"@id\":\"https:\\\/\\\/simulacionempresa.inform.es\\\/ca\\\/#organization\"},\"image\":{\"@id\":\"https:\\\/\\\/simulacionempresa.inform.es\\\/ca\\\/exit-rotund-en-la-xiii-fira-dempreses-simulades-de-navarra\\\/#primaryimage\"},\"thumbnailUrl\":\"https:\\\/\\\/simulacionempresa.inform.es\\\/wp-content\\\/uploads\\\/sites\\\/2\\\/2024\\\/12\\\/unnamed-1.png\",\"inLanguage\":\"ca\"},{\"@type\":\"WebPage\",\"@id\":\"https:\\\/\\\/simulacionempresa.inform.es\\\/ca\\\/exit-rotund-en-la-xiii-fira-dempreses-simulades-de-navarra\\\/\",\"url\":\"https:\\\/\\\/simulacionempresa.inform.es\\\/ca\\\/exit-rotund-en-la-xiii-fira-dempreses-simulades-de-navarra\\\/\",\"name\":\"\u00c8xit rotund en la XIII Fira d\u2019Empreses Simulades de Navarra - Sefed\",\"isPartOf\":{\"@id\":\"https:\\\/\\\/simulacionempresa.inform.es\\\/ca\\\/#website\"},\"primaryImageOfPage\":{\"@id\":\"https:\\\/\\\/simulacionempresa.inform.es\\\/ca\\\/exit-rotund-en-la-xiii-fira-dempreses-simulades-de-navarra\\\/#primaryimage\"},\"image\":{\"@id\":\"https:\\\/\\\/simulacionempresa.inform.es\\\/ca\\\/exit-rotund-en-la-xiii-fira-dempreses-simulades-de-navarra\\\/#primaryimage\"},\"thumbnailUrl\":\"https:\\\/\\\/simulacionempresa.inform.es\\\/wp-content\\\/uploads\\\/sites\\\/2\\\/2024\\\/12\\\/unnamed-1.png\",\"datePublished\":\"2024-12-02T09:03:15+00:00\",\"description\":\"El passat 8 de novembre, la Pla\u00e7a de Braus de Pamplona es va omplir d\u2019activitat i entusiasme amb la celebraci\u00f3 de la XIII Fira d\u2019Empreses Simulades de Navarra, un esdeveniment liderat pel Centro Integrado Mar\u00eda Inmaculada que ha estat valorat com un \u00e8xit rotund pel centre organitzador i les persones participants i assistents. En aquesta edici\u00f3 especial, que va coincidir amb el 50 aniversari del centre, van participar uns 500 estudiants de Formaci\u00f3 Professional de diferents punts de Navarra, que van mostrar les seves habilitats i coneixements en la gesti\u00f3 d\u2019empreses simulades.La fira va reunir alumnat de Grau B\u00e0sic i Mitj\u00e0 en Gesti\u00f3 Administrativa i Grau Superior en Administraci\u00f3 i Finances de diversos centres educatius, entre ells l\u2019 Asociaci\u00f3n S\u00edndrome de Down Navarra, IES Ega, CI Carlos III, CIP Tafalla, CIP ETI Tudela, CIP Estella, CIP Elizondo Lanbide Eskola IIP, IES Mendillorri BHI, CIP Donapea IIP, CI Mar\u00eda Ana Sanz, CI Cuatrovientos i el CI Mar\u00eda Inmaculada. En total, els i les alumnes van presentar 94 empreses simulades, interactuant i realitzant transaccions comercials simulades en un entorn que emulava la realitat empresarial.Durant l\u2019esdeveniment, l\u2019alumnat va treballar en el estands que havia dissenyat, on van realitzar comandes i van portar a terme negociacions, simulant din\u00e0miques empresarials reals. La Fira \u00e9s el resultat de la feina que l\u2019alumnat desenvolupa al llarg de l\u2019any en el m\u00f2dul \u201cEmpresa a l\u2019aula\u201d en el qual gestionen empreses simulades i estableixen connexions amb altres centres educatius a nivell nacional.Inspirada en les festes de San Ferm\u00edn, la fira va comptar amb una gran ambientaci\u00f3 festiva i una posada en escena que integrava elements tradicional i culturals de Pamplona, la qual cosa va enriquir encara m\u00e9s l\u2019experi\u00e8ncia per a les persones assistents. En l\u2019obertura i clausura de l\u2019esdeveniment, el grup de danses Ortzadar i \u00a0l\u2019Escola de Dansa del Govern de Navarra van realitzar espectacles que van ser molt ben rebuts per totes les persones presents, aportant un toc festiu i cultural a la jornada. La XIII Fira d\u2019Empreses Simulades ha reafirmat el comprom\u00eds de la Formaci\u00f3 Professional a Navarra amb una educaci\u00f3 pr\u00e0ctica i innovadora, deixant clar que l\u2019aprenentatge a trav\u00e9s de la simulaci\u00f3 \u00e9s una poderosa eina per preparar a l\u2019alumnat pera al m\u00f3n laboral real.\",\"breadcrumb\":{\"@id\":\"https:\\\/\\\/simulacionempresa.inform.es\\\/ca\\\/exit-rotund-en-la-xiii-fira-dempreses-simulades-de-navarra\\\/#breadcrumb\"},\"inLanguage\":\"ca\",\"potentialAction\":[{\"@type\":\"ReadAction\",\"target\":[\"https:\\\/\\\/simulacionempresa.inform.es\\\/ca\\\/exit-rotund-en-la-xiii-fira-dempreses-simulades-de-navarra\\\/\"]}]},{\"@type\":\"ImageObject\",\"inLanguage\":\"ca\",\"@id\":\"https:\\\/\\\/simulacionempresa.inform.es\\\/ca\\\/exit-rotund-en-la-xiii-fira-dempreses-simulades-de-navarra\\\/#primaryimage\",\"url\":\"https:\\\/\\\/simulacionempresa.inform.es\\\/wp-content\\\/uploads\\\/sites\\\/2\\\/2024\\\/12\\\/unnamed-1.png\",\"contentUrl\":\"https:\\\/\\\/simulacionempresa.inform.es\\\/wp-content\\\/uploads\\\/sites\\\/2\\\/2024\\\/12\\\/unnamed-1.png\",\"width\":641,\"height\":349,\"caption\":\"\u00c8xit rotund en la XIII Fira d\u2019Empreses Simulades de Navarra\"},{\"@type\":\"BreadcrumbList\",\"@id\":\"https:\\\/\\\/simulacionempresa.inform.es\\\/ca\\\/exit-rotund-en-la-xiii-fira-dempreses-simulades-de-navarra\\\/#breadcrumb\",\"itemListElement\":[{\"@type\":\"ListItem\",\"position\":1,\"name\":\"Inici\",\"item\":\"https:\\\/\\\/simulacionempresa.inform.es\\\/ca\\\/\"},{\"@type\":\"ListItem\",\"position\":2,\"name\":\"\u00c8xit rotund en la XIII Fira d\u2019Empreses Simulades de Navarra\"}]},{\"@type\":\"WebSite\",\"@id\":\"https:\\\/\\\/simulacionempresa.inform.es\\\/ca\\\/#website\",\"url\":\"https:\\\/\\\/simulacionempresa.inform.es\\\/ca\\\/\",\"name\":\"Sefed\",\"description\":\"Programa Sefed\",\"publisher\":{\"@id\":\"https:\\\/\\\/simulacionempresa.inform.es\\\/ca\\\/#organization\"},\"potentialAction\":[{\"@type\":\"SearchAction\",\"target\":{\"@type\":\"EntryPoint\",\"urlTemplate\":\"https:\\\/\\\/simulacionempresa.inform.es\\\/ca\\\/?s={search_term_string}\"},\"query-input\":{\"@type\":\"PropertyValueSpecification\",\"valueRequired\":true,\"valueName\":\"search_term_string\"}}],\"inLanguage\":\"ca\"},{\"@type\":\"Organization\",\"@id\":\"https:\\\/\\\/simulacionempresa.inform.es\\\/ca\\\/#organization\",\"name\":\"Programa SEFED\",\"url\":\"https:\\\/\\\/simulacionempresa.inform.es\\\/ca\\\/\",\"logo\":{\"@type\":\"ImageObject\",\"inLanguage\":\"ca\",\"@id\":\"https:\\\/\\\/simulacionempresa.inform.es\\\/ca\\\/#\\\/schema\\\/logo\\\/image\\\/\",\"url\":\"https:\\\/\\\/simulacionempresa.inform.es\\\/wp-content\\\/uploads\\\/sites\\\/2\\\/2022\\\/07\\\/SEFED-logo-light-400x139-1.png\",\"contentUrl\":\"https:\\\/\\\/simulacionempresa.inform.es\\\/wp-content\\\/uploads\\\/sites\\\/2\\\/2022\\\/07\\\/SEFED-logo-light-400x139-1.png\",\"width\":400,\"height\":139,\"caption\":\"Programa SEFED\"},\"image\":{\"@id\":\"https:\\\/\\\/simulacionempresa.inform.es\\\/ca\\\/#\\\/schema\\\/logo\\\/image\\\/\"},\"sameAs\":[\"https:\\\/\\\/www.facebook.com\\\/people\\\/Red-Empresas-Simuladas\\\/100004345202006\\\/\",\"https:\\\/\\\/x.com\\\/FundacioInform\",\"https:\\\/\\\/www.instagram.com\\\/josocsefed\\\/\",\"https:\\\/\\\/www.linkedin.com\\\/showcase\\\/sefed-\\\/?viewAsMember=true\",\"https:\\\/\\\/www.youtube.com\\\/channel\\\/UCT7Q3kVhMFkuwTQXAYMSgXQ\"]},{\"@type\":\"Person\",\"@id\":\"https:\\\/\\\/simulacionempresa.inform.es\\\/ca\\\/#\\\/schema\\\/person\\\/5549fd17420c99c426a5e97172bb9ba6\",\"name\":\"inform\",\"image\":{\"@type\":\"ImageObject\",\"inLanguage\":\"ca\",\"@id\":\"https:\\\/\\\/secure.gravatar.com\\\/avatar\\\/000f62187f12fc80addd423f011d2480e900c7af3dcfab3dac212f118a48b01d?s=96&d=mm&r=g\",\"url\":\"https:\\\/\\\/secure.gravatar.com\\\/avatar\\\/000f62187f12fc80addd423f011d2480e900c7af3dcfab3dac212f118a48b01d?s=96&d=mm&r=g\",\"contentUrl\":\"https:\\\/\\\/secure.gravatar.com\\\/avatar\\\/000f62187f12fc80addd423f011d2480e900c7af3dcfab3dac212f118a48b01d?s=96&d=mm&r=g\",\"caption\":\"inform\"},\"url\":\"https:\\\/\\\/simulacionempresa.inform.es\\\/ca\\\/author\\\/inform\\\/\"}]}<\/script>\n<!-- \/ Yoast SEO plugin. -->","yoast_head_json":{"title":"\u00c8xit rotund en la XIII Fira d\u2019Empreses Simulades de Navarra - Sefed","description":"El passat 8 de novembre, la Pla\u00e7a de Braus de Pamplona es va omplir d\u2019activitat i entusiasme amb la celebraci\u00f3 de la XIII Fira d\u2019Empreses Simulades de Navarra, un esdeveniment liderat pel Centro Integrado Mar\u00eda Inmaculada que ha estat valorat com un \u00e8xit rotund pel centre organitzador i les persones participants i assistents. En aquesta edici\u00f3 especial, que va coincidir amb el 50 aniversari del centre, van participar uns 500 estudiants de Formaci\u00f3 Professional de diferents punts de Navarra, que van mostrar les seves habilitats i coneixements en la gesti\u00f3 d\u2019empreses simulades.La fira va reunir alumnat de Grau B\u00e0sic i Mitj\u00e0 en Gesti\u00f3 Administrativa i Grau Superior en Administraci\u00f3 i Finances de diversos centres educatius, entre ells l\u2019 Asociaci\u00f3n S\u00edndrome de Down Navarra, IES Ega, CI Carlos III, CIP Tafalla, CIP ETI Tudela, CIP Estella, CIP Elizondo Lanbide Eskola IIP, IES Mendillorri BHI, CIP Donapea IIP, CI Mar\u00eda Ana Sanz, CI Cuatrovientos i el CI Mar\u00eda Inmaculada. En total, els i les alumnes van presentar 94 empreses simulades, interactuant i realitzant transaccions comercials simulades en un entorn que emulava la realitat empresarial.Durant l\u2019esdeveniment, l\u2019alumnat va treballar en el estands que havia dissenyat, on van realitzar comandes i van portar a terme negociacions, simulant din\u00e0miques empresarials reals. La Fira \u00e9s el resultat de la feina que l\u2019alumnat desenvolupa al llarg de l\u2019any en el m\u00f2dul \u201cEmpresa a l\u2019aula\u201d en el qual gestionen empreses simulades i estableixen connexions amb altres centres educatius a nivell nacional.Inspirada en les festes de San Ferm\u00edn, la fira va comptar amb una gran ambientaci\u00f3 festiva i una posada en escena que integrava elements tradicional i culturals de Pamplona, la qual cosa va enriquir encara m\u00e9s l\u2019experi\u00e8ncia per a les persones assistents. En l\u2019obertura i clausura de l\u2019esdeveniment, el grup de danses Ortzadar i \u00a0l\u2019Escola de Dansa del Govern de Navarra van realitzar espectacles que van ser molt ben rebuts per totes les persones presents, aportant un toc festiu i cultural a la jornada. La XIII Fira d\u2019Empreses Simulades ha reafirmat el comprom\u00eds de la Formaci\u00f3 Professional a Navarra amb una educaci\u00f3 pr\u00e0ctica i innovadora, deixant clar que l\u2019aprenentatge a trav\u00e9s de la simulaci\u00f3 \u00e9s una poderosa eina per preparar a l\u2019alumnat pera al m\u00f3n laboral real.","robots":{"index":"index","follow":"follow","max-snippet":"max-snippet:-1","max-image-preview":"max-image-preview:large","max-video-preview":"max-video-preview:-1"},"canonical":"https:\/\/simulacionempresa.inform.es\/ca\/exit-rotund-en-la-xiii-fira-dempreses-simulades-de-navarra\/","og_locale":"ca_ES","og_type":"article","og_title":"\u00c8xit rotund en la XIII Fira d\u2019Empreses Simulades de Navarra - Sefed","og_description":"El passat 8 de novembre, la Pla\u00e7a de Braus de Pamplona es va omplir d\u2019activitat i entusiasme amb la celebraci\u00f3 de la XIII Fira d\u2019Empreses Simulades de Navarra, un esdeveniment liderat pel Centro Integrado Mar\u00eda Inmaculada que ha estat valorat com un \u00e8xit rotund pel centre organitzador i les persones participants i assistents. En aquesta edici\u00f3 especial, que va coincidir amb el 50 aniversari del centre, van participar uns 500 estudiants de Formaci\u00f3 Professional de diferents punts de Navarra, que van mostrar les seves habilitats i coneixements en la gesti\u00f3 d\u2019empreses simulades.La fira va reunir alumnat de Grau B\u00e0sic i Mitj\u00e0 en Gesti\u00f3 Administrativa i Grau Superior en Administraci\u00f3 i Finances de diversos centres educatius, entre ells l\u2019 Asociaci\u00f3n S\u00edndrome de Down Navarra, IES Ega, CI Carlos III, CIP Tafalla, CIP ETI Tudela, CIP Estella, CIP Elizondo Lanbide Eskola IIP, IES Mendillorri BHI, CIP Donapea IIP, CI Mar\u00eda Ana Sanz, CI Cuatrovientos i el CI Mar\u00eda Inmaculada. En total, els i les alumnes van presentar 94 empreses simulades, interactuant i realitzant transaccions comercials simulades en un entorn que emulava la realitat empresarial.Durant l\u2019esdeveniment, l\u2019alumnat va treballar en el estands que havia dissenyat, on van realitzar comandes i van portar a terme negociacions, simulant din\u00e0miques empresarials reals. La Fira \u00e9s el resultat de la feina que l\u2019alumnat desenvolupa al llarg de l\u2019any en el m\u00f2dul \u201cEmpresa a l\u2019aula\u201d en el qual gestionen empreses simulades i estableixen connexions amb altres centres educatius a nivell nacional.Inspirada en les festes de San Ferm\u00edn, la fira va comptar amb una gran ambientaci\u00f3 festiva i una posada en escena que integrava elements tradicional i culturals de Pamplona, la qual cosa va enriquir encara m\u00e9s l\u2019experi\u00e8ncia per a les persones assistents. En l\u2019obertura i clausura de l\u2019esdeveniment, el grup de danses Ortzadar i \u00a0l\u2019Escola de Dansa del Govern de Navarra van realitzar espectacles que van ser molt ben rebuts per totes les persones presents, aportant un toc festiu i cultural a la jornada. La XIII Fira d\u2019Empreses Simulades ha reafirmat el comprom\u00eds de la Formaci\u00f3 Professional a Navarra amb una educaci\u00f3 pr\u00e0ctica i innovadora, deixant clar que l\u2019aprenentatge a trav\u00e9s de la simulaci\u00f3 \u00e9s una poderosa eina per preparar a l\u2019alumnat pera al m\u00f3n laboral real.","og_url":"https:\/\/simulacionempresa.inform.es\/ca\/exit-rotund-en-la-xiii-fira-dempreses-simulades-de-navarra\/","og_site_name":"Sefed","article_publisher":"https:\/\/www.facebook.com\/people\/Red-Empresas-Simuladas\/100004345202006\/","article_published_time":"2024-12-02T09:03:15+00:00","og_image":[{"width":641,"height":349,"url":"http:\/\/simulacionempresa.inform.es\/wp-content\/uploads\/sites\/2\/2024\/12\/unnamed-1.png","type":"image\/png"}],"author":"inform","twitter_card":"summary_large_image","twitter_creator":"@FundacioInform","twitter_site":"@FundacioInform","twitter_misc":{"Escrit per":"inform","Temps estimat de lectura":"2 minuts"},"schema":{"@context":"https:\/\/schema.org","@graph":[{"@type":"Article","@id":"https:\/\/simulacionempresa.inform.es\/ca\/exit-rotund-en-la-xiii-fira-dempreses-simulades-de-navarra\/#article","isPartOf":{"@id":"https:\/\/simulacionempresa.inform.es\/ca\/exit-rotund-en-la-xiii-fira-dempreses-simulades-de-navarra\/"},"author":{"name":"inform","@id":"https:\/\/simulacionempresa.inform.es\/ca\/#\/schema\/person\/5549fd17420c99c426a5e97172bb9ba6"},"headline":"\u00c8xit rotund en la XIII Fira d\u2019Empreses Simulades de Navarra","datePublished":"2024-12-02T09:03:15+00:00","mainEntityOfPage":{"@id":"https:\/\/simulacionempresa.inform.es\/ca\/exit-rotund-en-la-xiii-fira-dempreses-simulades-de-navarra\/"},"wordCount":410,"publisher":{"@id":"https:\/\/simulacionempresa.inform.es\/ca\/#organization"},"image":{"@id":"https:\/\/simulacionempresa.inform.es\/ca\/exit-rotund-en-la-xiii-fira-dempreses-simulades-de-navarra\/#primaryimage"},"thumbnailUrl":"https:\/\/simulacionempresa.inform.es\/wp-content\/uploads\/sites\/2\/2024\/12\/unnamed-1.png","inLanguage":"ca"},{"@type":"WebPage","@id":"https:\/\/simulacionempresa.inform.es\/ca\/exit-rotund-en-la-xiii-fira-dempreses-simulades-de-navarra\/","url":"https:\/\/simulacionempresa.inform.es\/ca\/exit-rotund-en-la-xiii-fira-dempreses-simulades-de-navarra\/","name":"\u00c8xit rotund en la XIII Fira d\u2019Empreses Simulades de Navarra - Sefed","isPartOf":{"@id":"https:\/\/simulacionempresa.inform.es\/ca\/#website"},"primaryImageOfPage":{"@id":"https:\/\/simulacionempresa.inform.es\/ca\/exit-rotund-en-la-xiii-fira-dempreses-simulades-de-navarra\/#primaryimage"},"image":{"@id":"https:\/\/simulacionempresa.inform.es\/ca\/exit-rotund-en-la-xiii-fira-dempreses-simulades-de-navarra\/#primaryimage"},"thumbnailUrl":"https:\/\/simulacionempresa.inform.es\/wp-content\/uploads\/sites\/2\/2024\/12\/unnamed-1.png","datePublished":"2024-12-02T09:03:15+00:00","description":"El passat 8 de novembre, la Pla\u00e7a de Braus de Pamplona es va omplir d\u2019activitat i entusiasme amb la celebraci\u00f3 de la XIII Fira d\u2019Empreses Simulades de Navarra, un esdeveniment liderat pel Centro Integrado Mar\u00eda Inmaculada que ha estat valorat com un \u00e8xit rotund pel centre organitzador i les persones participants i assistents. En aquesta edici\u00f3 especial, que va coincidir amb el 50 aniversari del centre, van participar uns 500 estudiants de Formaci\u00f3 Professional de diferents punts de Navarra, que van mostrar les seves habilitats i coneixements en la gesti\u00f3 d\u2019empreses simulades.La fira va reunir alumnat de Grau B\u00e0sic i Mitj\u00e0 en Gesti\u00f3 Administrativa i Grau Superior en Administraci\u00f3 i Finances de diversos centres educatius, entre ells l\u2019 Asociaci\u00f3n S\u00edndrome de Down Navarra, IES Ega, CI Carlos III, CIP Tafalla, CIP ETI Tudela, CIP Estella, CIP Elizondo Lanbide Eskola IIP, IES Mendillorri BHI, CIP Donapea IIP, CI Mar\u00eda Ana Sanz, CI Cuatrovientos i el CI Mar\u00eda Inmaculada. En total, els i les alumnes van presentar 94 empreses simulades, interactuant i realitzant transaccions comercials simulades en un entorn que emulava la realitat empresarial.Durant l\u2019esdeveniment, l\u2019alumnat va treballar en el estands que havia dissenyat, on van realitzar comandes i van portar a terme negociacions, simulant din\u00e0miques empresarials reals. La Fira \u00e9s el resultat de la feina que l\u2019alumnat desenvolupa al llarg de l\u2019any en el m\u00f2dul \u201cEmpresa a l\u2019aula\u201d en el qual gestionen empreses simulades i estableixen connexions amb altres centres educatius a nivell nacional.Inspirada en les festes de San Ferm\u00edn, la fira va comptar amb una gran ambientaci\u00f3 festiva i una posada en escena que integrava elements tradicional i culturals de Pamplona, la qual cosa va enriquir encara m\u00e9s l\u2019experi\u00e8ncia per a les persones assistents. En l\u2019obertura i clausura de l\u2019esdeveniment, el grup de danses Ortzadar i \u00a0l\u2019Escola de Dansa del Govern de Navarra van realitzar espectacles que van ser molt ben rebuts per totes les persones presents, aportant un toc festiu i cultural a la jornada. La XIII Fira d\u2019Empreses Simulades ha reafirmat el comprom\u00eds de la Formaci\u00f3 Professional a Navarra amb una educaci\u00f3 pr\u00e0ctica i innovadora, deixant clar que l\u2019aprenentatge a trav\u00e9s de la simulaci\u00f3 \u00e9s una poderosa eina per preparar a l\u2019alumnat pera al m\u00f3n laboral real.","breadcrumb":{"@id":"https:\/\/simulacionempresa.inform.es\/ca\/exit-rotund-en-la-xiii-fira-dempreses-simulades-de-navarra\/#breadcrumb"},"inLanguage":"ca","potentialAction":[{"@type":"ReadAction","target":["https:\/\/simulacionempresa.inform.es\/ca\/exit-rotund-en-la-xiii-fira-dempreses-simulades-de-navarra\/"]}]},{"@type":"ImageObject","inLanguage":"ca","@id":"https:\/\/simulacionempresa.inform.es\/ca\/exit-rotund-en-la-xiii-fira-dempreses-simulades-de-navarra\/#primaryimage","url":"https:\/\/simulacionempresa.inform.es\/wp-content\/uploads\/sites\/2\/2024\/12\/unnamed-1.png","contentUrl":"https:\/\/simulacionempresa.inform.es\/wp-content\/uploads\/sites\/2\/2024\/12\/unnamed-1.png","width":641,"height":349,"caption":"\u00c8xit rotund en la XIII Fira d\u2019Empreses Simulades de Navarra"},{"@type":"BreadcrumbList","@id":"https:\/\/simulacionempresa.inform.es\/ca\/exit-rotund-en-la-xiii-fira-dempreses-simulades-de-navarra\/#breadcrumb","itemListElement":[{"@type":"ListItem","position":1,"name":"Inici","item":"https:\/\/simulacionempresa.inform.es\/ca\/"},{"@type":"ListItem","position":2,"name":"\u00c8xit rotund en la XIII Fira d\u2019Empreses Simulades de Navarra"}]},{"@type":"WebSite","@id":"https:\/\/simulacionempresa.inform.es\/ca\/#website","url":"https:\/\/simulacionempresa.inform.es\/ca\/","name":"Sefed","description":"Programa Sefed","publisher":{"@id":"https:\/\/simulacionempresa.inform.es\/ca\/#organization"},"potentialAction":[{"@type":"SearchAction","target":{"@type":"EntryPoint","urlTemplate":"https:\/\/simulacionempresa.inform.es\/ca\/?s={search_term_string}"},"query-input":{"@type":"PropertyValueSpecification","valueRequired":true,"valueName":"search_term_string"}}],"inLanguage":"ca"},{"@type":"Organization","@id":"https:\/\/simulacionempresa.inform.es\/ca\/#organization","name":"Programa SEFED","url":"https:\/\/simulacionempresa.inform.es\/ca\/","logo":{"@type":"ImageObject","inLanguage":"ca","@id":"https:\/\/simulacionempresa.inform.es\/ca\/#\/schema\/logo\/image\/","url":"https:\/\/simulacionempresa.inform.es\/wp-content\/uploads\/sites\/2\/2022\/07\/SEFED-logo-light-400x139-1.png","contentUrl":"https:\/\/simulacionempresa.inform.es\/wp-content\/uploads\/sites\/2\/2022\/07\/SEFED-logo-light-400x139-1.png","width":400,"height":139,"caption":"Programa SEFED"},"image":{"@id":"https:\/\/simulacionempresa.inform.es\/ca\/#\/schema\/logo\/image\/"},"sameAs":["https:\/\/www.facebook.com\/people\/Red-Empresas-Simuladas\/100004345202006\/","https:\/\/x.com\/FundacioInform","https:\/\/www.instagram.com\/josocsefed\/","https:\/\/www.linkedin.com\/showcase\/sefed-\/?viewAsMember=true","https:\/\/www.youtube.com\/channel\/UCT7Q3kVhMFkuwTQXAYMSgXQ"]},{"@type":"Person","@id":"https:\/\/simulacionempresa.inform.es\/ca\/#\/schema\/person\/5549fd17420c99c426a5e97172bb9ba6","name":"inform","image":{"@type":"ImageObject","inLanguage":"ca","@id":"https:\/\/secure.gravatar.com\/avatar\/000f62187f12fc80addd423f011d2480e900c7af3dcfab3dac212f118a48b01d?s=96&d=mm&r=g","url":"https:\/\/secure.gravatar.com\/avatar\/000f62187f12fc80addd423f011d2480e900c7af3dcfab3dac212f118a48b01d?s=96&d=mm&r=g","contentUrl":"https:\/\/secure.gravatar.com\/avatar\/000f62187f12fc80addd423f011d2480e900c7af3dcfab3dac212f118a48b01d?s=96&d=mm&r=g","caption":"inform"},"url":"https:\/\/simulacionempresa.inform.es\/ca\/author\/inform\/"}]}},"_links":{"self":[{"href":"https:\/\/simulacionempresa.inform.es\/ca\/wp-json\/wp\/v2\/posts\/3662","targetHints":{"allow":["GET"]}}],"collection":[{"href":"https:\/\/simulacionempresa.inform.es\/ca\/wp-json\/wp\/v2\/posts"}],"about":[{"href":"https:\/\/simulacionempresa.inform.es\/ca\/wp-json\/wp\/v2\/types\/post"}],"author":[{"embeddable":true,"href":"https:\/\/simulacionempresa.inform.es\/ca\/wp-json\/wp\/v2\/users\/6"}],"replies":[{"embeddable":true,"href":"https:\/\/simulacionempresa.inform.es\/ca\/wp-json\/wp\/v2\/comments?post=3662"}],"version-history":[{"count":1,"href":"https:\/\/simulacionempresa.inform.es\/ca\/wp-json\/wp\/v2\/posts\/3662\/revisions"}],"predecessor-version":[{"id":3663,"href":"https:\/\/simulacionempresa.inform.es\/ca\/wp-json\/wp\/v2\/posts\/3662\/revisions\/3663"}],"wp:featuredmedia":[{"embeddable":true,"href":"https:\/\/simulacionempresa.inform.es\/ca\/wp-json\/wp\/v2\/media\/3657"}],"wp:attachment":[{"href":"https:\/\/simulacionempresa.inform.es\/ca\/wp-json\/wp\/v2\/media?parent=3662"}],"wp:term":[{"taxonomy":"category","embeddable":true,"href":"https:\/\/simulacionempresa.inform.es\/ca\/wp-json\/wp\/v2\/categories?post=3662"},{"taxonomy":"post_tag","embeddable":true,"href":"https:\/\/simulacionempresa.inform.es\/ca\/wp-json\/wp\/v2\/tags?post=3662"}],"curies":[{"name":"wp","href":"https:\/\/api.w.org\/{rel}","templated":true}]}}