{"id":3438,"date":"2023-05-29T09:40:12","date_gmt":"2023-05-29T07:40:12","guid":{"rendered":"https:\/\/simulacionempresa.inform.es\/?p=3438"},"modified":"2023-05-29T09:40:12","modified_gmt":"2023-05-29T07:40:12","slug":"procamp-reus-participa-a-la-monthly-trade-days-i-potencia-les-seves-relacions-comercials-amb-la-xarxa","status":"publish","type":"post","link":"https:\/\/simulacionempresa.inform.es\/ca\/procamp-reus-participa-a-la-monthly-trade-days-i-potencia-les-seves-relacions-comercials-amb-la-xarxa\/","title":{"rendered":"Procamp Reus participa a la MONTHLY TRADE DAYS i potencia les seves relacions comercials amb la xarxa"},"content":{"rendered":"<p><strong>Procamp Reus participa a la MONTHLY TRADE DAYS\u00a0<\/strong><\/p>\n<p>El passat 20 d&#8217;abril, <a href=\"https:\/\/procampreus.wixsite.com\/website\">Procamp Reus<\/a> va participar novament a la <strong>Pen Worldwide Monhly Trade Days 2023<\/strong>.<\/p>\n<p>L&#8217;edici\u00f3 d&#8217;abril els ha donat la possibilitat de contactar amb diverses empreses simulades a nivell internacional i l&#8217;alumnat de l&#8217;empresa ha practicat les seves <strong>habilitats comunicatives<\/strong> en altres idiomes, sent l&#8217;angl\u00e8s la llengua franca i demostrant la import\u00e0ncia que tenen les lleng\u00fces en la formaci\u00f3 administrativa.<\/p>\n<p><a href=\"https:\/\/procampreus.wixsite.com\/website\"><strong>Procamp Reus<\/strong> <\/a>ha valorat l&#8217;experi\u00e8ncia com a molt positiva i enriquidora per a l&#8217;aprenentatge del seu alumnat i vol continuar participant en les properes edicions de la MONTHLY TRADE DAYS i <strong>potenciar les seves operacions comercials <\/strong>amb la xarxa d\u2019empreses simulades augmentat els contactes que faciliten aquests esdeveniments.<\/p>\n<p><strong>Anima&#8217;t i participa en Fires i Meeting Points virtuals que s&#8217;organitzen des d&#8217;Inform o Pen Worlwide i mai no et faltaran comandes!!!<\/strong><\/p>\n<p><a href=\"https:\/\/simulacionempresa.inform.es\/ca\/\">WEB SEFED<\/a><\/p>\n","protected":false},"excerpt":{"rendered":"<p>Procamp Reus participa a la MONTHLY TRADE DAYS\u00a0 El passat 20 d&#8217;abril, Procamp Reus va participar novament a la Pen Worldwide Monhly Trade Days 2023. L&#8217;edici\u00f3 d&#8217;abril els ha donat la possibilitat de contactar amb diverses empreses simulades a nivell internacional i l&#8217;alumnat de l&#8217;empresa ha practicat les seves habilitats  &#8230;<\/p>\n","protected":false},"author":6,"featured_media":3423,"comment_status":"closed","ping_status":"closed","sticky":false,"template":"","format":"standard","meta":{"footnotes":""},"categories":[24],"tags":[],"class_list":["post-3438","post","type-post","status-publish","format-standard","has-post-thumbnail","hentry","category-sense-categoria"],"yoast_head":"<!-- This site is optimized with the Yoast SEO plugin v27.3 - https:\/\/yoast.com\/product\/yoast-seo-wordpress\/ -->\n<title>Procamp Reus participa a la MONTHLY TRADE DAYS i potencia les seves relacions comercials amb la xarxa - Sefed<\/title>\n<meta name=\"description\" content=\"Procamp Reus participa a la MONTHLY TRADE DAYS\u00a0El passat 20 d&#039;abril, Procamp Reus va participar novament a la Pen Worldwide Monhly Trade Days 2023.L&#039;edici\u00f3 d&#039;abril els ha donat la possibilitat de contactar amb diverses empreses simulades a nivell internacional i l&#039;alumnat de l&#039;empresa ha practicat les seves habilitats comunicatives en altres idiomes, sent l&#039;angl\u00e8s la llengua franca i demostrant la import\u00e0ncia que tenen les lleng\u00fces en la formaci\u00f3 administrativa.Procamp Reus ha valorat l&#039;experi\u00e8ncia com a molt positiva i enriquidora per a l&#039;aprenentatge del seu alumnat i vol continuar participant en les properes edicions de la MONTHLY TRADE DAYS i potenciar les seves operacions comercials amb la xarxa d\u2019empreses simulades augmentat els contactes que faciliten aquests esdeveniments.Anima&#039;t i participa en Fires i Meeting Points virtuals que s&#039;organitzen des d&#039;Inform o Pen Worlwide i mai no et faltaran comandes!!!\" \/>\n<meta name=\"robots\" content=\"index, follow, max-snippet:-1, max-image-preview:large, max-video-preview:-1\" \/>\n<link rel=\"canonical\" href=\"https:\/\/simulacionempresa.inform.es\/ca\/procamp-reus-participa-a-la-monthly-trade-days-i-potencia-les-seves-relacions-comercials-amb-la-xarxa\/\" \/>\n<meta property=\"og:locale\" content=\"ca_ES\" \/>\n<meta property=\"og:type\" content=\"article\" \/>\n<meta property=\"og:title\" content=\"Procamp Reus participa a la MONTHLY TRADE DAYS i potencia les seves relacions comercials amb la xarxa - Sefed\" \/>\n<meta property=\"og:description\" content=\"Procamp Reus participa a la MONTHLY TRADE DAYS\u00a0El passat 20 d&#039;abril, Procamp Reus va participar novament a la Pen Worldwide Monhly Trade Days 2023.L&#039;edici\u00f3 d&#039;abril els ha donat la possibilitat de contactar amb diverses empreses simulades a nivell internacional i l&#039;alumnat de l&#039;empresa ha practicat les seves habilitats comunicatives en altres idiomes, sent l&#039;angl\u00e8s la llengua franca i demostrant la import\u00e0ncia que tenen les lleng\u00fces en la formaci\u00f3 administrativa.Procamp Reus ha valorat l&#039;experi\u00e8ncia com a molt positiva i enriquidora per a l&#039;aprenentatge del seu alumnat i vol continuar participant en les properes edicions de la MONTHLY TRADE DAYS i potenciar les seves operacions comercials amb la xarxa d\u2019empreses simulades augmentat els contactes que faciliten aquests esdeveniments.Anima&#039;t i participa en Fires i Meeting Points virtuals que s&#039;organitzen des d&#039;Inform o Pen Worlwide i mai no et faltaran comandes!!!\" \/>\n<meta property=\"og:url\" content=\"https:\/\/simulacionempresa.inform.es\/ca\/procamp-reus-participa-a-la-monthly-trade-days-i-potencia-les-seves-relacions-comercials-amb-la-xarxa\/\" \/>\n<meta property=\"og:site_name\" content=\"Sefed\" \/>\n<meta property=\"article:publisher\" content=\"https:\/\/www.facebook.com\/people\/Red-Empresas-Simuladas\/100004345202006\/\" \/>\n<meta property=\"article:published_time\" content=\"2023-05-29T07:40:12+00:00\" \/>\n<meta property=\"og:image\" content=\"https:\/\/simulacionempresa.inform.es\/wp-content\/uploads\/sites\/2\/2023\/05\/Foto_Procamp.jpg\" \/>\n\t<meta property=\"og:image:width\" content=\"1608\" \/>\n\t<meta property=\"og:image:height\" content=\"737\" \/>\n\t<meta property=\"og:image:type\" content=\"image\/jpeg\" \/>\n<meta name=\"author\" content=\"inform\" \/>\n<meta name=\"twitter:card\" content=\"summary_large_image\" \/>\n<meta name=\"twitter:creator\" content=\"@FundacioInform\" \/>\n<meta name=\"twitter:site\" content=\"@FundacioInform\" \/>\n<meta name=\"twitter:label1\" content=\"Escrit per\" \/>\n\t<meta name=\"twitter:data1\" content=\"inform\" \/>\n\t<meta name=\"twitter:label2\" content=\"Temps estimat de lectura\" \/>\n\t<meta name=\"twitter:data2\" content=\"1 minut\" \/>\n<script type=\"application\/ld+json\" class=\"yoast-schema-graph\">{\"@context\":\"https:\\\/\\\/schema.org\",\"@graph\":[{\"@type\":\"Article\",\"@id\":\"https:\\\/\\\/simulacionempresa.inform.es\\\/ca\\\/procamp-reus-participa-a-la-monthly-trade-days-i-potencia-les-seves-relacions-comercials-amb-la-xarxa\\\/#article\",\"isPartOf\":{\"@id\":\"https:\\\/\\\/simulacionempresa.inform.es\\\/ca\\\/procamp-reus-participa-a-la-monthly-trade-days-i-potencia-les-seves-relacions-comercials-amb-la-xarxa\\\/\"},\"author\":{\"name\":\"inform\",\"@id\":\"https:\\\/\\\/simulacionempresa.inform.es\\\/ca\\\/#\\\/schema\\\/person\\\/5549fd17420c99c426a5e97172bb9ba6\"},\"headline\":\"Procamp Reus participa a la MONTHLY TRADE DAYS i potencia les seves relacions comercials amb la xarxa\",\"datePublished\":\"2023-05-29T07:40:12+00:00\",\"mainEntityOfPage\":{\"@id\":\"https:\\\/\\\/simulacionempresa.inform.es\\\/ca\\\/procamp-reus-participa-a-la-monthly-trade-days-i-potencia-les-seves-relacions-comercials-amb-la-xarxa\\\/\"},\"wordCount\":163,\"publisher\":{\"@id\":\"https:\\\/\\\/simulacionempresa.inform.es\\\/ca\\\/#organization\"},\"image\":{\"@id\":\"https:\\\/\\\/simulacionempresa.inform.es\\\/ca\\\/procamp-reus-participa-a-la-monthly-trade-days-i-potencia-les-seves-relacions-comercials-amb-la-xarxa\\\/#primaryimage\"},\"thumbnailUrl\":\"https:\\\/\\\/simulacionempresa.inform.es\\\/wp-content\\\/uploads\\\/sites\\\/2\\\/2023\\\/05\\\/Foto_Procamp.jpg\",\"inLanguage\":\"ca\"},{\"@type\":\"WebPage\",\"@id\":\"https:\\\/\\\/simulacionempresa.inform.es\\\/ca\\\/procamp-reus-participa-a-la-monthly-trade-days-i-potencia-les-seves-relacions-comercials-amb-la-xarxa\\\/\",\"url\":\"https:\\\/\\\/simulacionempresa.inform.es\\\/ca\\\/procamp-reus-participa-a-la-monthly-trade-days-i-potencia-les-seves-relacions-comercials-amb-la-xarxa\\\/\",\"name\":\"Procamp Reus participa a la MONTHLY TRADE DAYS i potencia les seves relacions comercials amb la xarxa - Sefed\",\"isPartOf\":{\"@id\":\"https:\\\/\\\/simulacionempresa.inform.es\\\/ca\\\/#website\"},\"primaryImageOfPage\":{\"@id\":\"https:\\\/\\\/simulacionempresa.inform.es\\\/ca\\\/procamp-reus-participa-a-la-monthly-trade-days-i-potencia-les-seves-relacions-comercials-amb-la-xarxa\\\/#primaryimage\"},\"image\":{\"@id\":\"https:\\\/\\\/simulacionempresa.inform.es\\\/ca\\\/procamp-reus-participa-a-la-monthly-trade-days-i-potencia-les-seves-relacions-comercials-amb-la-xarxa\\\/#primaryimage\"},\"thumbnailUrl\":\"https:\\\/\\\/simulacionempresa.inform.es\\\/wp-content\\\/uploads\\\/sites\\\/2\\\/2023\\\/05\\\/Foto_Procamp.jpg\",\"datePublished\":\"2023-05-29T07:40:12+00:00\",\"description\":\"Procamp Reus participa a la MONTHLY TRADE DAYS\u00a0El passat 20 d'abril, Procamp Reus va participar novament a la Pen Worldwide Monhly Trade Days 2023.L'edici\u00f3 d'abril els ha donat la possibilitat de contactar amb diverses empreses simulades a nivell internacional i l'alumnat de l'empresa ha practicat les seves habilitats comunicatives en altres idiomes, sent l'angl\u00e8s la llengua franca i demostrant la import\u00e0ncia que tenen les lleng\u00fces en la formaci\u00f3 administrativa.Procamp Reus ha valorat l'experi\u00e8ncia com a molt positiva i enriquidora per a l'aprenentatge del seu alumnat i vol continuar participant en les properes edicions de la MONTHLY TRADE DAYS i potenciar les seves operacions comercials amb la xarxa d\u2019empreses simulades augmentat els contactes que faciliten aquests esdeveniments.Anima't i participa en Fires i Meeting Points virtuals que s'organitzen des d'Inform o Pen Worlwide i mai no et faltaran comandes!!!\",\"breadcrumb\":{\"@id\":\"https:\\\/\\\/simulacionempresa.inform.es\\\/ca\\\/procamp-reus-participa-a-la-monthly-trade-days-i-potencia-les-seves-relacions-comercials-amb-la-xarxa\\\/#breadcrumb\"},\"inLanguage\":\"ca\",\"potentialAction\":[{\"@type\":\"ReadAction\",\"target\":[\"https:\\\/\\\/simulacionempresa.inform.es\\\/ca\\\/procamp-reus-participa-a-la-monthly-trade-days-i-potencia-les-seves-relacions-comercials-amb-la-xarxa\\\/\"]}]},{\"@type\":\"ImageObject\",\"inLanguage\":\"ca\",\"@id\":\"https:\\\/\\\/simulacionempresa.inform.es\\\/ca\\\/procamp-reus-participa-a-la-monthly-trade-days-i-potencia-les-seves-relacions-comercials-amb-la-xarxa\\\/#primaryimage\",\"url\":\"https:\\\/\\\/simulacionempresa.inform.es\\\/wp-content\\\/uploads\\\/sites\\\/2\\\/2023\\\/05\\\/Foto_Procamp.jpg\",\"contentUrl\":\"https:\\\/\\\/simulacionempresa.inform.es\\\/wp-content\\\/uploads\\\/sites\\\/2\\\/2023\\\/05\\\/Foto_Procamp.jpg\",\"width\":1608,\"height\":737,\"caption\":\"Procamp Reus participa a la MONTHLY TRADE DAYS\"},{\"@type\":\"BreadcrumbList\",\"@id\":\"https:\\\/\\\/simulacionempresa.inform.es\\\/ca\\\/procamp-reus-participa-a-la-monthly-trade-days-i-potencia-les-seves-relacions-comercials-amb-la-xarxa\\\/#breadcrumb\",\"itemListElement\":[{\"@type\":\"ListItem\",\"position\":1,\"name\":\"Inici\",\"item\":\"https:\\\/\\\/simulacionempresa.inform.es\\\/ca\\\/\"},{\"@type\":\"ListItem\",\"position\":2,\"name\":\"Procamp Reus participa a la MONTHLY TRADE DAYS i potencia les seves relacions comercials amb la xarxa\"}]},{\"@type\":\"WebSite\",\"@id\":\"https:\\\/\\\/simulacionempresa.inform.es\\\/ca\\\/#website\",\"url\":\"https:\\\/\\\/simulacionempresa.inform.es\\\/ca\\\/\",\"name\":\"Sefed\",\"description\":\"Programa Sefed\",\"publisher\":{\"@id\":\"https:\\\/\\\/simulacionempresa.inform.es\\\/ca\\\/#organization\"},\"potentialAction\":[{\"@type\":\"SearchAction\",\"target\":{\"@type\":\"EntryPoint\",\"urlTemplate\":\"https:\\\/\\\/simulacionempresa.inform.es\\\/ca\\\/?s={search_term_string}\"},\"query-input\":{\"@type\":\"PropertyValueSpecification\",\"valueRequired\":true,\"valueName\":\"search_term_string\"}}],\"inLanguage\":\"ca\"},{\"@type\":\"Organization\",\"@id\":\"https:\\\/\\\/simulacionempresa.inform.es\\\/ca\\\/#organization\",\"name\":\"Programa SEFED\",\"url\":\"https:\\\/\\\/simulacionempresa.inform.es\\\/ca\\\/\",\"logo\":{\"@type\":\"ImageObject\",\"inLanguage\":\"ca\",\"@id\":\"https:\\\/\\\/simulacionempresa.inform.es\\\/ca\\\/#\\\/schema\\\/logo\\\/image\\\/\",\"url\":\"https:\\\/\\\/simulacionempresa.inform.es\\\/wp-content\\\/uploads\\\/sites\\\/2\\\/2022\\\/07\\\/SEFED-logo-light-400x139-1.png\",\"contentUrl\":\"https:\\\/\\\/simulacionempresa.inform.es\\\/wp-content\\\/uploads\\\/sites\\\/2\\\/2022\\\/07\\\/SEFED-logo-light-400x139-1.png\",\"width\":400,\"height\":139,\"caption\":\"Programa SEFED\"},\"image\":{\"@id\":\"https:\\\/\\\/simulacionempresa.inform.es\\\/ca\\\/#\\\/schema\\\/logo\\\/image\\\/\"},\"sameAs\":[\"https:\\\/\\\/www.facebook.com\\\/people\\\/Red-Empresas-Simuladas\\\/100004345202006\\\/\",\"https:\\\/\\\/x.com\\\/FundacioInform\",\"https:\\\/\\\/www.instagram.com\\\/josocsefed\\\/\",\"https:\\\/\\\/www.linkedin.com\\\/showcase\\\/sefed-\\\/?viewAsMember=true\",\"https:\\\/\\\/www.youtube.com\\\/channel\\\/UCT7Q3kVhMFkuwTQXAYMSgXQ\"]},{\"@type\":\"Person\",\"@id\":\"https:\\\/\\\/simulacionempresa.inform.es\\\/ca\\\/#\\\/schema\\\/person\\\/5549fd17420c99c426a5e97172bb9ba6\",\"name\":\"inform\",\"image\":{\"@type\":\"ImageObject\",\"inLanguage\":\"ca\",\"@id\":\"https:\\\/\\\/secure.gravatar.com\\\/avatar\\\/000f62187f12fc80addd423f011d2480e900c7af3dcfab3dac212f118a48b01d?s=96&d=mm&r=g\",\"url\":\"https:\\\/\\\/secure.gravatar.com\\\/avatar\\\/000f62187f12fc80addd423f011d2480e900c7af3dcfab3dac212f118a48b01d?s=96&d=mm&r=g\",\"contentUrl\":\"https:\\\/\\\/secure.gravatar.com\\\/avatar\\\/000f62187f12fc80addd423f011d2480e900c7af3dcfab3dac212f118a48b01d?s=96&d=mm&r=g\",\"caption\":\"inform\"},\"url\":\"https:\\\/\\\/simulacionempresa.inform.es\\\/ca\\\/author\\\/inform\\\/\"}]}<\/script>\n<!-- \/ Yoast SEO plugin. -->","yoast_head_json":{"title":"Procamp Reus participa a la MONTHLY TRADE DAYS i potencia les seves relacions comercials amb la xarxa - Sefed","description":"Procamp Reus participa a la MONTHLY TRADE DAYS\u00a0El passat 20 d'abril, Procamp Reus va participar novament a la Pen Worldwide Monhly Trade Days 2023.L'edici\u00f3 d'abril els ha donat la possibilitat de contactar amb diverses empreses simulades a nivell internacional i l'alumnat de l'empresa ha practicat les seves habilitats comunicatives en altres idiomes, sent l'angl\u00e8s la llengua franca i demostrant la import\u00e0ncia que tenen les lleng\u00fces en la formaci\u00f3 administrativa.Procamp Reus ha valorat l'experi\u00e8ncia com a molt positiva i enriquidora per a l'aprenentatge del seu alumnat i vol continuar participant en les properes edicions de la MONTHLY TRADE DAYS i potenciar les seves operacions comercials amb la xarxa d\u2019empreses simulades augmentat els contactes que faciliten aquests esdeveniments.Anima't i participa en Fires i Meeting Points virtuals que s'organitzen des d'Inform o Pen Worlwide i mai no et faltaran comandes!!!","robots":{"index":"index","follow":"follow","max-snippet":"max-snippet:-1","max-image-preview":"max-image-preview:large","max-video-preview":"max-video-preview:-1"},"canonical":"https:\/\/simulacionempresa.inform.es\/ca\/procamp-reus-participa-a-la-monthly-trade-days-i-potencia-les-seves-relacions-comercials-amb-la-xarxa\/","og_locale":"ca_ES","og_type":"article","og_title":"Procamp Reus participa a la MONTHLY TRADE DAYS i potencia les seves relacions comercials amb la xarxa - Sefed","og_description":"Procamp Reus participa a la MONTHLY TRADE DAYS\u00a0El passat 20 d'abril, Procamp Reus va participar novament a la Pen Worldwide Monhly Trade Days 2023.L'edici\u00f3 d'abril els ha donat la possibilitat de contactar amb diverses empreses simulades a nivell internacional i l'alumnat de l'empresa ha practicat les seves habilitats comunicatives en altres idiomes, sent l'angl\u00e8s la llengua franca i demostrant la import\u00e0ncia que tenen les lleng\u00fces en la formaci\u00f3 administrativa.Procamp Reus ha valorat l'experi\u00e8ncia com a molt positiva i enriquidora per a l'aprenentatge del seu alumnat i vol continuar participant en les properes edicions de la MONTHLY TRADE DAYS i potenciar les seves operacions comercials amb la xarxa d\u2019empreses simulades augmentat els contactes que faciliten aquests esdeveniments.Anima't i participa en Fires i Meeting Points virtuals que s'organitzen des d'Inform o Pen Worlwide i mai no et faltaran comandes!!!","og_url":"https:\/\/simulacionempresa.inform.es\/ca\/procamp-reus-participa-a-la-monthly-trade-days-i-potencia-les-seves-relacions-comercials-amb-la-xarxa\/","og_site_name":"Sefed","article_publisher":"https:\/\/www.facebook.com\/people\/Red-Empresas-Simuladas\/100004345202006\/","article_published_time":"2023-05-29T07:40:12+00:00","og_image":[{"width":1608,"height":737,"url":"https:\/\/simulacionempresa.inform.es\/wp-content\/uploads\/sites\/2\/2023\/05\/Foto_Procamp.jpg","type":"image\/jpeg"}],"author":"inform","twitter_card":"summary_large_image","twitter_creator":"@FundacioInform","twitter_site":"@FundacioInform","twitter_misc":{"Escrit per":"inform","Temps estimat de lectura":"1 minut"},"schema":{"@context":"https:\/\/schema.org","@graph":[{"@type":"Article","@id":"https:\/\/simulacionempresa.inform.es\/ca\/procamp-reus-participa-a-la-monthly-trade-days-i-potencia-les-seves-relacions-comercials-amb-la-xarxa\/#article","isPartOf":{"@id":"https:\/\/simulacionempresa.inform.es\/ca\/procamp-reus-participa-a-la-monthly-trade-days-i-potencia-les-seves-relacions-comercials-amb-la-xarxa\/"},"author":{"name":"inform","@id":"https:\/\/simulacionempresa.inform.es\/ca\/#\/schema\/person\/5549fd17420c99c426a5e97172bb9ba6"},"headline":"Procamp Reus participa a la MONTHLY TRADE DAYS i potencia les seves relacions comercials amb la xarxa","datePublished":"2023-05-29T07:40:12+00:00","mainEntityOfPage":{"@id":"https:\/\/simulacionempresa.inform.es\/ca\/procamp-reus-participa-a-la-monthly-trade-days-i-potencia-les-seves-relacions-comercials-amb-la-xarxa\/"},"wordCount":163,"publisher":{"@id":"https:\/\/simulacionempresa.inform.es\/ca\/#organization"},"image":{"@id":"https:\/\/simulacionempresa.inform.es\/ca\/procamp-reus-participa-a-la-monthly-trade-days-i-potencia-les-seves-relacions-comercials-amb-la-xarxa\/#primaryimage"},"thumbnailUrl":"https:\/\/simulacionempresa.inform.es\/wp-content\/uploads\/sites\/2\/2023\/05\/Foto_Procamp.jpg","inLanguage":"ca"},{"@type":"WebPage","@id":"https:\/\/simulacionempresa.inform.es\/ca\/procamp-reus-participa-a-la-monthly-trade-days-i-potencia-les-seves-relacions-comercials-amb-la-xarxa\/","url":"https:\/\/simulacionempresa.inform.es\/ca\/procamp-reus-participa-a-la-monthly-trade-days-i-potencia-les-seves-relacions-comercials-amb-la-xarxa\/","name":"Procamp Reus participa a la MONTHLY TRADE DAYS i potencia les seves relacions comercials amb la xarxa - Sefed","isPartOf":{"@id":"https:\/\/simulacionempresa.inform.es\/ca\/#website"},"primaryImageOfPage":{"@id":"https:\/\/simulacionempresa.inform.es\/ca\/procamp-reus-participa-a-la-monthly-trade-days-i-potencia-les-seves-relacions-comercials-amb-la-xarxa\/#primaryimage"},"image":{"@id":"https:\/\/simulacionempresa.inform.es\/ca\/procamp-reus-participa-a-la-monthly-trade-days-i-potencia-les-seves-relacions-comercials-amb-la-xarxa\/#primaryimage"},"thumbnailUrl":"https:\/\/simulacionempresa.inform.es\/wp-content\/uploads\/sites\/2\/2023\/05\/Foto_Procamp.jpg","datePublished":"2023-05-29T07:40:12+00:00","description":"Procamp Reus participa a la MONTHLY TRADE DAYS\u00a0El passat 20 d'abril, Procamp Reus va participar novament a la Pen Worldwide Monhly Trade Days 2023.L'edici\u00f3 d'abril els ha donat la possibilitat de contactar amb diverses empreses simulades a nivell internacional i l'alumnat de l'empresa ha practicat les seves habilitats comunicatives en altres idiomes, sent l'angl\u00e8s la llengua franca i demostrant la import\u00e0ncia que tenen les lleng\u00fces en la formaci\u00f3 administrativa.Procamp Reus ha valorat l'experi\u00e8ncia com a molt positiva i enriquidora per a l'aprenentatge del seu alumnat i vol continuar participant en les properes edicions de la MONTHLY TRADE DAYS i potenciar les seves operacions comercials amb la xarxa d\u2019empreses simulades augmentat els contactes que faciliten aquests esdeveniments.Anima't i participa en Fires i Meeting Points virtuals que s'organitzen des d'Inform o Pen Worlwide i mai no et faltaran comandes!!!","breadcrumb":{"@id":"https:\/\/simulacionempresa.inform.es\/ca\/procamp-reus-participa-a-la-monthly-trade-days-i-potencia-les-seves-relacions-comercials-amb-la-xarxa\/#breadcrumb"},"inLanguage":"ca","potentialAction":[{"@type":"ReadAction","target":["https:\/\/simulacionempresa.inform.es\/ca\/procamp-reus-participa-a-la-monthly-trade-days-i-potencia-les-seves-relacions-comercials-amb-la-xarxa\/"]}]},{"@type":"ImageObject","inLanguage":"ca","@id":"https:\/\/simulacionempresa.inform.es\/ca\/procamp-reus-participa-a-la-monthly-trade-days-i-potencia-les-seves-relacions-comercials-amb-la-xarxa\/#primaryimage","url":"https:\/\/simulacionempresa.inform.es\/wp-content\/uploads\/sites\/2\/2023\/05\/Foto_Procamp.jpg","contentUrl":"https:\/\/simulacionempresa.inform.es\/wp-content\/uploads\/sites\/2\/2023\/05\/Foto_Procamp.jpg","width":1608,"height":737,"caption":"Procamp Reus participa a la MONTHLY TRADE DAYS"},{"@type":"BreadcrumbList","@id":"https:\/\/simulacionempresa.inform.es\/ca\/procamp-reus-participa-a-la-monthly-trade-days-i-potencia-les-seves-relacions-comercials-amb-la-xarxa\/#breadcrumb","itemListElement":[{"@type":"ListItem","position":1,"name":"Inici","item":"https:\/\/simulacionempresa.inform.es\/ca\/"},{"@type":"ListItem","position":2,"name":"Procamp Reus participa a la MONTHLY TRADE DAYS i potencia les seves relacions comercials amb la xarxa"}]},{"@type":"WebSite","@id":"https:\/\/simulacionempresa.inform.es\/ca\/#website","url":"https:\/\/simulacionempresa.inform.es\/ca\/","name":"Sefed","description":"Programa Sefed","publisher":{"@id":"https:\/\/simulacionempresa.inform.es\/ca\/#organization"},"potentialAction":[{"@type":"SearchAction","target":{"@type":"EntryPoint","urlTemplate":"https:\/\/simulacionempresa.inform.es\/ca\/?s={search_term_string}"},"query-input":{"@type":"PropertyValueSpecification","valueRequired":true,"valueName":"search_term_string"}}],"inLanguage":"ca"},{"@type":"Organization","@id":"https:\/\/simulacionempresa.inform.es\/ca\/#organization","name":"Programa SEFED","url":"https:\/\/simulacionempresa.inform.es\/ca\/","logo":{"@type":"ImageObject","inLanguage":"ca","@id":"https:\/\/simulacionempresa.inform.es\/ca\/#\/schema\/logo\/image\/","url":"https:\/\/simulacionempresa.inform.es\/wp-content\/uploads\/sites\/2\/2022\/07\/SEFED-logo-light-400x139-1.png","contentUrl":"https:\/\/simulacionempresa.inform.es\/wp-content\/uploads\/sites\/2\/2022\/07\/SEFED-logo-light-400x139-1.png","width":400,"height":139,"caption":"Programa SEFED"},"image":{"@id":"https:\/\/simulacionempresa.inform.es\/ca\/#\/schema\/logo\/image\/"},"sameAs":["https:\/\/www.facebook.com\/people\/Red-Empresas-Simuladas\/100004345202006\/","https:\/\/x.com\/FundacioInform","https:\/\/www.instagram.com\/josocsefed\/","https:\/\/www.linkedin.com\/showcase\/sefed-\/?viewAsMember=true","https:\/\/www.youtube.com\/channel\/UCT7Q3kVhMFkuwTQXAYMSgXQ"]},{"@type":"Person","@id":"https:\/\/simulacionempresa.inform.es\/ca\/#\/schema\/person\/5549fd17420c99c426a5e97172bb9ba6","name":"inform","image":{"@type":"ImageObject","inLanguage":"ca","@id":"https:\/\/secure.gravatar.com\/avatar\/000f62187f12fc80addd423f011d2480e900c7af3dcfab3dac212f118a48b01d?s=96&d=mm&r=g","url":"https:\/\/secure.gravatar.com\/avatar\/000f62187f12fc80addd423f011d2480e900c7af3dcfab3dac212f118a48b01d?s=96&d=mm&r=g","contentUrl":"https:\/\/secure.gravatar.com\/avatar\/000f62187f12fc80addd423f011d2480e900c7af3dcfab3dac212f118a48b01d?s=96&d=mm&r=g","caption":"inform"},"url":"https:\/\/simulacionempresa.inform.es\/ca\/author\/inform\/"}]}},"_links":{"self":[{"href":"https:\/\/simulacionempresa.inform.es\/ca\/wp-json\/wp\/v2\/posts\/3438","targetHints":{"allow":["GET"]}}],"collection":[{"href":"https:\/\/simulacionempresa.inform.es\/ca\/wp-json\/wp\/v2\/posts"}],"about":[{"href":"https:\/\/simulacionempresa.inform.es\/ca\/wp-json\/wp\/v2\/types\/post"}],"author":[{"embeddable":true,"href":"https:\/\/simulacionempresa.inform.es\/ca\/wp-json\/wp\/v2\/users\/6"}],"replies":[{"embeddable":true,"href":"https:\/\/simulacionempresa.inform.es\/ca\/wp-json\/wp\/v2\/comments?post=3438"}],"version-history":[{"count":1,"href":"https:\/\/simulacionempresa.inform.es\/ca\/wp-json\/wp\/v2\/posts\/3438\/revisions"}],"predecessor-version":[{"id":3439,"href":"https:\/\/simulacionempresa.inform.es\/ca\/wp-json\/wp\/v2\/posts\/3438\/revisions\/3439"}],"wp:featuredmedia":[{"embeddable":true,"href":"https:\/\/simulacionempresa.inform.es\/ca\/wp-json\/wp\/v2\/media\/3423"}],"wp:attachment":[{"href":"https:\/\/simulacionempresa.inform.es\/ca\/wp-json\/wp\/v2\/media?parent=3438"}],"wp:term":[{"taxonomy":"category","embeddable":true,"href":"https:\/\/simulacionempresa.inform.es\/ca\/wp-json\/wp\/v2\/categories?post=3438"},{"taxonomy":"post_tag","embeddable":true,"href":"https:\/\/simulacionempresa.inform.es\/ca\/wp-json\/wp\/v2\/tags?post=3438"}],"curies":[{"name":"wp","href":"https:\/\/api.w.org\/{rel}","templated":true}]}}