{"id":3290,"date":"2022-09-21T15:31:29","date_gmt":"2022-09-21T13:31:29","guid":{"rendered":"https:\/\/simulacionempresa.inform.es\/i-fira-virtual-simulex\/"},"modified":"2022-09-21T15:44:57","modified_gmt":"2022-09-21T13:44:57","slug":"i-fira-virtual-simulex","status":"publish","type":"post","link":"https:\/\/simulacionempresa.inform.es\/ca\/i-fira-virtual-simulex\/","title":{"rendered":"I Fira Virtual SIMULEX"},"content":{"rendered":"<div>\n<p>El darrer 19 de maig es va celebrar la <strong>I Fira Virtual Simulex <\/strong>organitzada per l&#8217;<strong>IES \u00c1gora de C\u00e0ceres<\/strong>, amb el suport de la Conselleria d&#8217;Educaci\u00f3 i Ocupaci\u00f3 de la Junta de Extremadura i de la Fundaci\u00f3 Inform.<\/p>\n<p>En l&#8217;esdeveniment van participar m\u00e9s d&#8217;una desena d&#8217;empreses expositores i tamb\u00e9 empreses visitants, amb alumnat dels cicles formatius de la fam\u00edlia professional d&#8217;Administraci\u00f3 i Gesti\u00f3 i es van realitzar un total de 274 videoconfer\u00e8ncies. L&#8217;alumnat va crear un <a href=\"https:\/\/inform.us18.list-manage.com\/track\/click?u=9a55853f9ba60bf0c9dfa99df&amp;id=86838a59d0&amp;e=7c47af57b6\" target=\"_blank\" rel=\"noopener\">v\u00eddeo<\/a> de presentaci\u00f3 de la Fira.<\/p>\n<p>L&#8217;organitzaci\u00f3 d&#8217;aquest tipus de trobades \u00e9s trascendental per\u00a0apropar l&#8217;alumnat a la realitat empresarial.<\/p>\n<\/div>\n<div style=\"text-align: right;\"><strong>Enhorabona per la iniciativa!<\/strong><\/div>\n<p>&nbsp;<\/p>\n<div><a href=\"https:\/\/inform.us18.list-manage.com\/track\/click?u=9a55853f9ba60bf0c9dfa99df&amp;id=038c34860f&amp;e=24229522c8\">Llegir +<\/a><\/div>\n","protected":false},"excerpt":{"rendered":"<p>El darrer 19 de maig es va celebrar la I Fira Virtual Simulex organitzada per l&#8217;IES \u00c1gora de C\u00e0ceres, amb el suport de la Conselleria d&#8217;Educaci\u00f3 i Ocupaci\u00f3 de la Junta de Extremadura i de la Fundaci\u00f3 Inform. En l&#8217;esdeveniment van participar m\u00e9s d&#8217;una desena d&#8217;empreses expositores i tamb\u00e9 empreses  &#8230;<\/p>\n","protected":false},"author":6,"featured_media":3237,"comment_status":"closed","ping_status":"closed","sticky":false,"template":"","format":"standard","meta":{"footnotes":""},"categories":[24],"tags":[],"class_list":["post-3290","post","type-post","status-publish","format-standard","has-post-thumbnail","hentry","category-sense-categoria"],"yoast_head":"<!-- This site is optimized with the Yoast SEO plugin v27.3 - https:\/\/yoast.com\/product\/yoast-seo-wordpress\/ -->\n<title>I Fira Virtual SIMULEX - Sefed<\/title>\n<meta name=\"description\" content=\"El 19 de maig es va celebrar la I Fira Virtual Simulex organitzada per l&#039;IES \u00c1gora de C\u00e0ceres\" \/>\n<meta name=\"robots\" content=\"index, follow, max-snippet:-1, max-image-preview:large, max-video-preview:-1\" \/>\n<link rel=\"canonical\" href=\"https:\/\/simulacionempresa.inform.es\/ca\/i-fira-virtual-simulex\/\" \/>\n<meta property=\"og:locale\" content=\"ca_ES\" \/>\n<meta property=\"og:type\" content=\"article\" \/>\n<meta property=\"og:title\" content=\"I Fira Virtual SIMULEX - Sefed\" \/>\n<meta property=\"og:description\" content=\"El 19 de maig es va celebrar la I Fira Virtual Simulex organitzada per l&#039;IES \u00c1gora de C\u00e0ceres\" \/>\n<meta property=\"og:url\" content=\"https:\/\/simulacionempresa.inform.es\/ca\/i-fira-virtual-simulex\/\" \/>\n<meta property=\"og:site_name\" content=\"Sefed\" \/>\n<meta property=\"article:publisher\" content=\"https:\/\/www.facebook.com\/people\/Red-Empresas-Simuladas\/100004345202006\/\" \/>\n<meta property=\"article:published_time\" content=\"2022-09-21T13:31:29+00:00\" \/>\n<meta property=\"article:modified_time\" content=\"2022-09-21T13:44:57+00:00\" \/>\n<meta property=\"og:image\" content=\"https:\/\/simulacionempresa.inform.es\/wp-content\/uploads\/sites\/2\/2022\/09\/bec1f417-7046-45b7-a61a-d7d269759932.jpg\" \/>\n\t<meta property=\"og:image:width\" content=\"650\" \/>\n\t<meta property=\"og:image:height\" content=\"450\" \/>\n\t<meta property=\"og:image:type\" content=\"image\/jpeg\" \/>\n<meta name=\"author\" content=\"inform\" \/>\n<meta name=\"twitter:card\" content=\"summary_large_image\" \/>\n<meta name=\"twitter:creator\" content=\"@FundacioInform\" \/>\n<meta name=\"twitter:site\" content=\"@FundacioInform\" \/>\n<meta name=\"twitter:label1\" content=\"Escrit per\" \/>\n\t<meta name=\"twitter:data1\" content=\"inform\" \/>\n\t<meta name=\"twitter:label2\" content=\"Temps estimat de lectura\" \/>\n\t<meta name=\"twitter:data2\" content=\"1 minut\" \/>\n<script type=\"application\/ld+json\" class=\"yoast-schema-graph\">{\"@context\":\"https:\\\/\\\/schema.org\",\"@graph\":[{\"@type\":\"Article\",\"@id\":\"https:\\\/\\\/simulacionempresa.inform.es\\\/ca\\\/i-fira-virtual-simulex\\\/#article\",\"isPartOf\":{\"@id\":\"https:\\\/\\\/simulacionempresa.inform.es\\\/ca\\\/i-fira-virtual-simulex\\\/\"},\"author\":{\"name\":\"inform\",\"@id\":\"https:\\\/\\\/simulacionempresa.inform.es\\\/ca\\\/#\\\/schema\\\/person\\\/5549fd17420c99c426a5e97172bb9ba6\"},\"headline\":\"I Fira Virtual SIMULEX\",\"datePublished\":\"2022-09-21T13:31:29+00:00\",\"dateModified\":\"2022-09-21T13:44:57+00:00\",\"mainEntityOfPage\":{\"@id\":\"https:\\\/\\\/simulacionempresa.inform.es\\\/ca\\\/i-fira-virtual-simulex\\\/\"},\"wordCount\":109,\"publisher\":{\"@id\":\"https:\\\/\\\/simulacionempresa.inform.es\\\/ca\\\/#organization\"},\"image\":{\"@id\":\"https:\\\/\\\/simulacionempresa.inform.es\\\/ca\\\/i-fira-virtual-simulex\\\/#primaryimage\"},\"thumbnailUrl\":\"https:\\\/\\\/simulacionempresa.inform.es\\\/wp-content\\\/uploads\\\/sites\\\/2\\\/2022\\\/09\\\/bec1f417-7046-45b7-a61a-d7d269759932.jpg\",\"inLanguage\":\"ca\"},{\"@type\":\"WebPage\",\"@id\":\"https:\\\/\\\/simulacionempresa.inform.es\\\/ca\\\/i-fira-virtual-simulex\\\/\",\"url\":\"https:\\\/\\\/simulacionempresa.inform.es\\\/ca\\\/i-fira-virtual-simulex\\\/\",\"name\":\"I Fira Virtual SIMULEX - Sefed\",\"isPartOf\":{\"@id\":\"https:\\\/\\\/simulacionempresa.inform.es\\\/ca\\\/#website\"},\"primaryImageOfPage\":{\"@id\":\"https:\\\/\\\/simulacionempresa.inform.es\\\/ca\\\/i-fira-virtual-simulex\\\/#primaryimage\"},\"image\":{\"@id\":\"https:\\\/\\\/simulacionempresa.inform.es\\\/ca\\\/i-fira-virtual-simulex\\\/#primaryimage\"},\"thumbnailUrl\":\"https:\\\/\\\/simulacionempresa.inform.es\\\/wp-content\\\/uploads\\\/sites\\\/2\\\/2022\\\/09\\\/bec1f417-7046-45b7-a61a-d7d269759932.jpg\",\"datePublished\":\"2022-09-21T13:31:29+00:00\",\"dateModified\":\"2022-09-21T13:44:57+00:00\",\"description\":\"El 19 de maig es va celebrar la I Fira Virtual Simulex organitzada per l'IES \u00c1gora de C\u00e0ceres\",\"breadcrumb\":{\"@id\":\"https:\\\/\\\/simulacionempresa.inform.es\\\/ca\\\/i-fira-virtual-simulex\\\/#breadcrumb\"},\"inLanguage\":\"ca\",\"potentialAction\":[{\"@type\":\"ReadAction\",\"target\":[\"https:\\\/\\\/simulacionempresa.inform.es\\\/ca\\\/i-fira-virtual-simulex\\\/\"]}]},{\"@type\":\"ImageObject\",\"inLanguage\":\"ca\",\"@id\":\"https:\\\/\\\/simulacionempresa.inform.es\\\/ca\\\/i-fira-virtual-simulex\\\/#primaryimage\",\"url\":\"https:\\\/\\\/simulacionempresa.inform.es\\\/wp-content\\\/uploads\\\/sites\\\/2\\\/2022\\\/09\\\/bec1f417-7046-45b7-a61a-d7d269759932.jpg\",\"contentUrl\":\"https:\\\/\\\/simulacionempresa.inform.es\\\/wp-content\\\/uploads\\\/sites\\\/2\\\/2022\\\/09\\\/bec1f417-7046-45b7-a61a-d7d269759932.jpg\",\"width\":650,\"height\":450},{\"@type\":\"BreadcrumbList\",\"@id\":\"https:\\\/\\\/simulacionempresa.inform.es\\\/ca\\\/i-fira-virtual-simulex\\\/#breadcrumb\",\"itemListElement\":[{\"@type\":\"ListItem\",\"position\":1,\"name\":\"Inici\",\"item\":\"https:\\\/\\\/simulacionempresa.inform.es\\\/ca\\\/\"},{\"@type\":\"ListItem\",\"position\":2,\"name\":\"I Fira Virtual SIMULEX\"}]},{\"@type\":\"WebSite\",\"@id\":\"https:\\\/\\\/simulacionempresa.inform.es\\\/ca\\\/#website\",\"url\":\"https:\\\/\\\/simulacionempresa.inform.es\\\/ca\\\/\",\"name\":\"Sefed\",\"description\":\"Programa Sefed\",\"publisher\":{\"@id\":\"https:\\\/\\\/simulacionempresa.inform.es\\\/ca\\\/#organization\"},\"potentialAction\":[{\"@type\":\"SearchAction\",\"target\":{\"@type\":\"EntryPoint\",\"urlTemplate\":\"https:\\\/\\\/simulacionempresa.inform.es\\\/ca\\\/?s={search_term_string}\"},\"query-input\":{\"@type\":\"PropertyValueSpecification\",\"valueRequired\":true,\"valueName\":\"search_term_string\"}}],\"inLanguage\":\"ca\"},{\"@type\":\"Organization\",\"@id\":\"https:\\\/\\\/simulacionempresa.inform.es\\\/ca\\\/#organization\",\"name\":\"Programa SEFED\",\"url\":\"https:\\\/\\\/simulacionempresa.inform.es\\\/ca\\\/\",\"logo\":{\"@type\":\"ImageObject\",\"inLanguage\":\"ca\",\"@id\":\"https:\\\/\\\/simulacionempresa.inform.es\\\/ca\\\/#\\\/schema\\\/logo\\\/image\\\/\",\"url\":\"https:\\\/\\\/simulacionempresa.inform.es\\\/wp-content\\\/uploads\\\/sites\\\/2\\\/2022\\\/07\\\/SEFED-logo-light-400x139-1.png\",\"contentUrl\":\"https:\\\/\\\/simulacionempresa.inform.es\\\/wp-content\\\/uploads\\\/sites\\\/2\\\/2022\\\/07\\\/SEFED-logo-light-400x139-1.png\",\"width\":400,\"height\":139,\"caption\":\"Programa SEFED\"},\"image\":{\"@id\":\"https:\\\/\\\/simulacionempresa.inform.es\\\/ca\\\/#\\\/schema\\\/logo\\\/image\\\/\"},\"sameAs\":[\"https:\\\/\\\/www.facebook.com\\\/people\\\/Red-Empresas-Simuladas\\\/100004345202006\\\/\",\"https:\\\/\\\/x.com\\\/FundacioInform\",\"https:\\\/\\\/www.instagram.com\\\/josocsefed\\\/\",\"https:\\\/\\\/www.linkedin.com\\\/showcase\\\/sefed-\\\/?viewAsMember=true\",\"https:\\\/\\\/www.youtube.com\\\/channel\\\/UCT7Q3kVhMFkuwTQXAYMSgXQ\"]},{\"@type\":\"Person\",\"@id\":\"https:\\\/\\\/simulacionempresa.inform.es\\\/ca\\\/#\\\/schema\\\/person\\\/5549fd17420c99c426a5e97172bb9ba6\",\"name\":\"inform\",\"image\":{\"@type\":\"ImageObject\",\"inLanguage\":\"ca\",\"@id\":\"https:\\\/\\\/secure.gravatar.com\\\/avatar\\\/000f62187f12fc80addd423f011d2480e900c7af3dcfab3dac212f118a48b01d?s=96&d=mm&r=g\",\"url\":\"https:\\\/\\\/secure.gravatar.com\\\/avatar\\\/000f62187f12fc80addd423f011d2480e900c7af3dcfab3dac212f118a48b01d?s=96&d=mm&r=g\",\"contentUrl\":\"https:\\\/\\\/secure.gravatar.com\\\/avatar\\\/000f62187f12fc80addd423f011d2480e900c7af3dcfab3dac212f118a48b01d?s=96&d=mm&r=g\",\"caption\":\"inform\"},\"url\":\"https:\\\/\\\/simulacionempresa.inform.es\\\/ca\\\/author\\\/inform\\\/\"}]}<\/script>\n<!-- \/ Yoast SEO plugin. -->","yoast_head_json":{"title":"I Fira Virtual SIMULEX - Sefed","description":"El 19 de maig es va celebrar la I Fira Virtual Simulex organitzada per l'IES \u00c1gora de C\u00e0ceres","robots":{"index":"index","follow":"follow","max-snippet":"max-snippet:-1","max-image-preview":"max-image-preview:large","max-video-preview":"max-video-preview:-1"},"canonical":"https:\/\/simulacionempresa.inform.es\/ca\/i-fira-virtual-simulex\/","og_locale":"ca_ES","og_type":"article","og_title":"I Fira Virtual SIMULEX - Sefed","og_description":"El 19 de maig es va celebrar la I Fira Virtual Simulex organitzada per l'IES \u00c1gora de C\u00e0ceres","og_url":"https:\/\/simulacionempresa.inform.es\/ca\/i-fira-virtual-simulex\/","og_site_name":"Sefed","article_publisher":"https:\/\/www.facebook.com\/people\/Red-Empresas-Simuladas\/100004345202006\/","article_published_time":"2022-09-21T13:31:29+00:00","article_modified_time":"2022-09-21T13:44:57+00:00","og_image":[{"width":650,"height":450,"url":"https:\/\/simulacionempresa.inform.es\/wp-content\/uploads\/sites\/2\/2022\/09\/bec1f417-7046-45b7-a61a-d7d269759932.jpg","type":"image\/jpeg"}],"author":"inform","twitter_card":"summary_large_image","twitter_creator":"@FundacioInform","twitter_site":"@FundacioInform","twitter_misc":{"Escrit per":"inform","Temps estimat de lectura":"1 minut"},"schema":{"@context":"https:\/\/schema.org","@graph":[{"@type":"Article","@id":"https:\/\/simulacionempresa.inform.es\/ca\/i-fira-virtual-simulex\/#article","isPartOf":{"@id":"https:\/\/simulacionempresa.inform.es\/ca\/i-fira-virtual-simulex\/"},"author":{"name":"inform","@id":"https:\/\/simulacionempresa.inform.es\/ca\/#\/schema\/person\/5549fd17420c99c426a5e97172bb9ba6"},"headline":"I Fira Virtual SIMULEX","datePublished":"2022-09-21T13:31:29+00:00","dateModified":"2022-09-21T13:44:57+00:00","mainEntityOfPage":{"@id":"https:\/\/simulacionempresa.inform.es\/ca\/i-fira-virtual-simulex\/"},"wordCount":109,"publisher":{"@id":"https:\/\/simulacionempresa.inform.es\/ca\/#organization"},"image":{"@id":"https:\/\/simulacionempresa.inform.es\/ca\/i-fira-virtual-simulex\/#primaryimage"},"thumbnailUrl":"https:\/\/simulacionempresa.inform.es\/wp-content\/uploads\/sites\/2\/2022\/09\/bec1f417-7046-45b7-a61a-d7d269759932.jpg","inLanguage":"ca"},{"@type":"WebPage","@id":"https:\/\/simulacionempresa.inform.es\/ca\/i-fira-virtual-simulex\/","url":"https:\/\/simulacionempresa.inform.es\/ca\/i-fira-virtual-simulex\/","name":"I Fira Virtual SIMULEX - Sefed","isPartOf":{"@id":"https:\/\/simulacionempresa.inform.es\/ca\/#website"},"primaryImageOfPage":{"@id":"https:\/\/simulacionempresa.inform.es\/ca\/i-fira-virtual-simulex\/#primaryimage"},"image":{"@id":"https:\/\/simulacionempresa.inform.es\/ca\/i-fira-virtual-simulex\/#primaryimage"},"thumbnailUrl":"https:\/\/simulacionempresa.inform.es\/wp-content\/uploads\/sites\/2\/2022\/09\/bec1f417-7046-45b7-a61a-d7d269759932.jpg","datePublished":"2022-09-21T13:31:29+00:00","dateModified":"2022-09-21T13:44:57+00:00","description":"El 19 de maig es va celebrar la I Fira Virtual Simulex organitzada per l'IES \u00c1gora de C\u00e0ceres","breadcrumb":{"@id":"https:\/\/simulacionempresa.inform.es\/ca\/i-fira-virtual-simulex\/#breadcrumb"},"inLanguage":"ca","potentialAction":[{"@type":"ReadAction","target":["https:\/\/simulacionempresa.inform.es\/ca\/i-fira-virtual-simulex\/"]}]},{"@type":"ImageObject","inLanguage":"ca","@id":"https:\/\/simulacionempresa.inform.es\/ca\/i-fira-virtual-simulex\/#primaryimage","url":"https:\/\/simulacionempresa.inform.es\/wp-content\/uploads\/sites\/2\/2022\/09\/bec1f417-7046-45b7-a61a-d7d269759932.jpg","contentUrl":"https:\/\/simulacionempresa.inform.es\/wp-content\/uploads\/sites\/2\/2022\/09\/bec1f417-7046-45b7-a61a-d7d269759932.jpg","width":650,"height":450},{"@type":"BreadcrumbList","@id":"https:\/\/simulacionempresa.inform.es\/ca\/i-fira-virtual-simulex\/#breadcrumb","itemListElement":[{"@type":"ListItem","position":1,"name":"Inici","item":"https:\/\/simulacionempresa.inform.es\/ca\/"},{"@type":"ListItem","position":2,"name":"I Fira Virtual SIMULEX"}]},{"@type":"WebSite","@id":"https:\/\/simulacionempresa.inform.es\/ca\/#website","url":"https:\/\/simulacionempresa.inform.es\/ca\/","name":"Sefed","description":"Programa Sefed","publisher":{"@id":"https:\/\/simulacionempresa.inform.es\/ca\/#organization"},"potentialAction":[{"@type":"SearchAction","target":{"@type":"EntryPoint","urlTemplate":"https:\/\/simulacionempresa.inform.es\/ca\/?s={search_term_string}"},"query-input":{"@type":"PropertyValueSpecification","valueRequired":true,"valueName":"search_term_string"}}],"inLanguage":"ca"},{"@type":"Organization","@id":"https:\/\/simulacionempresa.inform.es\/ca\/#organization","name":"Programa SEFED","url":"https:\/\/simulacionempresa.inform.es\/ca\/","logo":{"@type":"ImageObject","inLanguage":"ca","@id":"https:\/\/simulacionempresa.inform.es\/ca\/#\/schema\/logo\/image\/","url":"https:\/\/simulacionempresa.inform.es\/wp-content\/uploads\/sites\/2\/2022\/07\/SEFED-logo-light-400x139-1.png","contentUrl":"https:\/\/simulacionempresa.inform.es\/wp-content\/uploads\/sites\/2\/2022\/07\/SEFED-logo-light-400x139-1.png","width":400,"height":139,"caption":"Programa SEFED"},"image":{"@id":"https:\/\/simulacionempresa.inform.es\/ca\/#\/schema\/logo\/image\/"},"sameAs":["https:\/\/www.facebook.com\/people\/Red-Empresas-Simuladas\/100004345202006\/","https:\/\/x.com\/FundacioInform","https:\/\/www.instagram.com\/josocsefed\/","https:\/\/www.linkedin.com\/showcase\/sefed-\/?viewAsMember=true","https:\/\/www.youtube.com\/channel\/UCT7Q3kVhMFkuwTQXAYMSgXQ"]},{"@type":"Person","@id":"https:\/\/simulacionempresa.inform.es\/ca\/#\/schema\/person\/5549fd17420c99c426a5e97172bb9ba6","name":"inform","image":{"@type":"ImageObject","inLanguage":"ca","@id":"https:\/\/secure.gravatar.com\/avatar\/000f62187f12fc80addd423f011d2480e900c7af3dcfab3dac212f118a48b01d?s=96&d=mm&r=g","url":"https:\/\/secure.gravatar.com\/avatar\/000f62187f12fc80addd423f011d2480e900c7af3dcfab3dac212f118a48b01d?s=96&d=mm&r=g","contentUrl":"https:\/\/secure.gravatar.com\/avatar\/000f62187f12fc80addd423f011d2480e900c7af3dcfab3dac212f118a48b01d?s=96&d=mm&r=g","caption":"inform"},"url":"https:\/\/simulacionempresa.inform.es\/ca\/author\/inform\/"}]}},"_links":{"self":[{"href":"https:\/\/simulacionempresa.inform.es\/ca\/wp-json\/wp\/v2\/posts\/3290","targetHints":{"allow":["GET"]}}],"collection":[{"href":"https:\/\/simulacionempresa.inform.es\/ca\/wp-json\/wp\/v2\/posts"}],"about":[{"href":"https:\/\/simulacionempresa.inform.es\/ca\/wp-json\/wp\/v2\/types\/post"}],"author":[{"embeddable":true,"href":"https:\/\/simulacionempresa.inform.es\/ca\/wp-json\/wp\/v2\/users\/6"}],"replies":[{"embeddable":true,"href":"https:\/\/simulacionempresa.inform.es\/ca\/wp-json\/wp\/v2\/comments?post=3290"}],"version-history":[{"count":1,"href":"https:\/\/simulacionempresa.inform.es\/ca\/wp-json\/wp\/v2\/posts\/3290\/revisions"}],"predecessor-version":[{"id":3307,"href":"https:\/\/simulacionempresa.inform.es\/ca\/wp-json\/wp\/v2\/posts\/3290\/revisions\/3307"}],"wp:featuredmedia":[{"embeddable":true,"href":"https:\/\/simulacionempresa.inform.es\/ca\/wp-json\/wp\/v2\/media\/3237"}],"wp:attachment":[{"href":"https:\/\/simulacionempresa.inform.es\/ca\/wp-json\/wp\/v2\/media?parent=3290"}],"wp:term":[{"taxonomy":"category","embeddable":true,"href":"https:\/\/simulacionempresa.inform.es\/ca\/wp-json\/wp\/v2\/categories?post=3290"},{"taxonomy":"post_tag","embeddable":true,"href":"https:\/\/simulacionempresa.inform.es\/ca\/wp-json\/wp\/v2\/tags?post=3290"}],"curies":[{"name":"wp","href":"https:\/\/api.w.org\/{rel}","templated":true}]}}